{"id":3933,"date":"2019-07-18T10:42:00","date_gmt":"2019-07-18T08:42:00","guid":{"rendered":"http:\/\/www.osservatoriogreener.it\/?p=3933"},"modified":"2019-07-18T11:13:28","modified_gmt":"2019-07-18T09:13:28","slug":"incontro-di-lavoro-dellosservatorio-greener","status":"publish","type":"post","link":"https:\/\/www.osservatoriogreener.it\/index.php\/2019\/07\/18\/incontro-di-lavoro-dellosservatorio-greener\/","title":{"rendered":"Incontro di lavoro dell\u2019Osservatorio GreenER"},"content":{"rendered":"<p>Si \u00e8 tenuto il 10 luglio presso la sala Claudia degli Esposti di ART-ER il primo dei due incontri previsti per il 2019 dell\u2019osservatorio GreenER.<\/p>\n<p>L\u2019incontro \u00e8 stato un momento di confronto per delineare le prossime attivit\u00e0 sul territorio, in tema di Green Economy, partendo da una ricognizione dello stato dell\u2019arte a livello nazionale e regionale fino a calarsi nelle esperienze di due grandi aziende: ai lavori hanno preso parte due rilevanti realt\u00e0 aziendali, come Enel ed Hera, che hanno di recente sviluppato un\u2019area dedicata all\u2019Economia Circolare per supportare la transizione verso un modello di economia da lineare a circolare.<\/p>\n<p>L\u2019incontro ha visto due sessioni: una legata alla transizione energetica ed una legata alla Circular Economy.<\/p>\n<p>Nella prima sessione \u00e8 stato presentato il Tavolo Regionale sulla <strong>transizione energetica verso l\u2019elettrico, <\/strong>nato nell\u2019ambito del Piano Energetico Regionale, ed \u00e8 stata sottolineata l\u2019importanza di fare entrare i temi energetici a pieno titolo nei driver dell\u2019Economia Circolare, la cui visione \u00e8 attualmente confinata prevalentemente alla sfera dei rifiuti e del recupero di materia.<\/p>\n<p>La presentazione di ENEL ha confermato come sia stato fondamentale vedere l\u2019economia circolare come un principio ispiratore presente fin dal concepimento di un prodotto o servizio e non come elemento residuale, collocato alla fine della filiera. Altro tema emerso \u00e8 quello della necessit\u00e0 di <strong>quantificazione della circolarit\u00e0<\/strong> di un\u2019organizzazione; nonostante la presenza di numerose iniziative a livello internazionale e nazionale, non \u00e8 stato infatti ancora trovato un modello di misurazione unico e condiviso, soprattutto adattabile ad ogni contesto produttivo. ENEL, per superare questo limite, ha elaborato un proprio sistema di misurazione della circolarit\u00e0, basato su cinque pilastri:<\/p>\n<ol>\n<li>Input sostenibili;<\/li>\n<li>Estensione della vita utile;<\/li>\n<li>Sharing;<\/li>\n<li>Prodotto come servizio;<\/li>\n<li>Nuovi cicli di vita.<\/li>\n<\/ol>\n<p>La metrica, impostata internamente al gruppo, \u00e8 stata poi implementata in collaborazione con enti certificatori esterni.<\/p>\n<p>Un esempio concreto dei principi di circolarit\u00e0 esposti da ENEL si ritrova nel <a href=\"https:\/\/corporate.enel.it\/it\/futur-e\">progetto Futur-e<\/a>, per la riconversione verso nuove destinazioni non legate alla produzione termoelettrica, come ad esempio, all\u2019interno della nostra Regione, l\u2019ex centrale turbogas di Carpi che \u00e8 stata riconvertita in polo logistico.<\/p>\n<p>La seconda parte della mattinata \u00e8 stata dedicata al tema dell\u2019Economia Circolare, con un focus sulle <strong>istituzioni<\/strong> e il ruolo del <strong>GPP<\/strong> a supporto della transizione e con le iniziative messe in campo da HERA.<\/p>\n<p>In materia di acquisti pubblici verdi, \u00e8 stata presentata la pubblicazione \u201c<a href=\"http:\/\/www.ervet.it\/wp-content\/uploads\/2016\/12\/GPP_economia-circolare.pdf\">Il Green Public Procurement come strumento per promuovere l\u2019Economia Circolare<\/a>\u201d che illustra alcune innovative modalit\u00e0 di applicazione dei principi circolari alle fasi di approvvigionamento pubblico.<\/p>\n<p>Hera ha esposto progetti che sono <a href=\"https:\/\/www.gruppohera.it\/gruppo\/chi_siamo\/strategia\/valore_condiviso\/hera_economia_circolare\/hera_progetti_economia_circolare\/#biogas\">esempio concreto di circolarit\u00e0<\/a>, come la realizzazione di un impianto per la produzione di biometano da rifiuti organici (che a regime consentir\u00e0 di evitare fino a 14 mila tonnellate di CO<sub>2<\/sub> all\u2019anno) o il progetto in collaborazione con Eni per ottenere, dalla raffinazione degli oli esausti raccolti, il biocombustibile per alimentare le flotte dei mezzi aziendali.<\/p>\n<p>Alle presentazioni \u00e8 seguito un dibattito sulle priorit\u00e0 in tema di Green Economy sul territorio regionale, da cui sono emersi alcuni elementi condivisi, come l\u2019importanza di disporre di strumenti di quantificazione della prestazione ambientale delle aziende, utili anche in fase di assegnazione di risorse dal pubblico; inoltre i partecipanti hanno sottolineato l\u2019importanza di incontri di lavoro in cui discutere di buone pratiche (e della loro replicabilit\u00e0), delle ricadute operative delle novit\u00e0 normative o delle innovazioni tecnologiche a supporto della transizione.<\/p>\n<p>Il prossimo incontro \u00e8 previsto in occasione di <a href=\"https:\/\/www.ecomondo.com\/\">Ecomondo<\/a>.<\/p>\n<p>Per ulteriori informazioni sulle attivit\u00e0 dell\u2019Osservatorio GreenER, scrivere a <a href=\"mailto:OsservatorioGreenEconomy@art-er.it\">OsservatorioGreenEconomy@art-er.it<\/a><\/p>\n","protected":false},"excerpt":{"rendered":"<p>Si \u00e8 tenuto il 10 luglio presso la sala Claudia degli Esposti di ART-ER il primo dei due incontri previsti per il 2019 dell\u2019osservatorio GreenER. L\u2019incontro \u00e8 stato un momento di confronto per delineare le prossime attivit\u00e0 sul territorio, in tema di Green Economy, partendo da una ricognizione dello stato dell\u2019arte a livello nazionale e [&hellip;]<\/p>\n","protected":false},"author":7,"featured_media":3934,"comment_status":"closed","ping_status":"closed","sticky":false,"template":"","format":"standard","meta":[],"categories":[16],"tags":[],"_links":{"self":[{"href":"https:\/\/www.osservatoriogreener.it\/index.php\/wp-json\/wp\/v2\/posts\/3933"}],"collection":[{"href":"https:\/\/www.osservatoriogreener.it\/index.php\/wp-json\/wp\/v2\/posts"}],"about":[{"href":"https:\/\/www.osservatoriogreener.it\/index.php\/wp-json\/wp\/v2\/types\/post"}],"author":[{"embeddable":true,"href":"https:\/\/www.osservatoriogreener.it\/index.php\/wp-json\/wp\/v2\/users\/7"}],"replies":[{"embeddable":true,"href":"https:\/\/www.osservatoriogreener.it\/index.php\/wp-json\/wp\/v2\/comments?post=3933"}],"version-history":[{"count":4,"href":"https:\/\/www.osservatoriogreener.it\/index.php\/wp-json\/wp\/v2\/posts\/3933\/revisions"}],"predecessor-version":[{"id":3939,"href":"https:\/\/www.osservatoriogreener.it\/index.php\/wp-json\/wp\/v2\/posts\/3933\/revisions\/3939"}],"wp:featuredmedia":[{"embeddable":true,"href":"https:\/\/www.osservatoriogreener.it\/index.php\/wp-json\/wp\/v2\/media\/3934"}],"wp:attachment":[{"href":"https:\/\/www.osservatoriogreener.it\/index.php\/wp-json\/wp\/v2\/media?parent=3933"}],"wp:term":[{"taxonomy":"category","embeddable":true,"href":"https:\/\/www.osservatoriogreener.it\/index.php\/wp-json\/wp\/v2\/categories?post=3933"},{"taxonomy":"post_tag","embeddable":true,"href":"https:\/\/www.osservatoriogreener.it\/index.php\/wp-json\/wp\/v2\/tags?post=3933"}],"curies":[{"name":"wp","href":"https:\/\/api.w.org\/{rel}","templated":true}]}}