{"id":3988,"date":"2019-11-08T18:32:48","date_gmt":"2019-11-08T16:32:48","guid":{"rendered":"http:\/\/www.osservatoriogreener.it\/?p=3988"},"modified":"2019-11-08T18:34:32","modified_gmt":"2019-11-08T16:34:32","slug":"losservatorio-greener-a-ecomondo-2019","status":"publish","type":"post","link":"https:\/\/www.osservatoriogreener.it\/index.php\/2019\/11\/08\/losservatorio-greener-a-ecomondo-2019\/","title":{"rendered":"L\u2019Osservatorio GreenER a Ecomondo 2019"},"content":{"rendered":"<p>Anche quest\u2019anno, l\u2019Osservatorio ha organizzato all\u2019interno di <a href=\"https:\/\/www.ecomondo.com\/\" target=\"_blank\" rel=\"noopener\">Ecomondo<\/a> un workshop su alcuni temi di punta della green economy: il focus di questa edizione \u00e8 stato il nuovo quadro di riferimento europeo, in particolare le nuove politiche per il Green New Deal e la nuova programmazione comunitaria 2021-2027. L\u2019incontro infatti \u00e8 stato inserito nel percorso regionale di condivisione e partecipazione verso la nuova programmazione dei Fondi europei.<\/p>\n<p>Ha aperto i lavori Morena Diazzi, D.G. della Direzione Generale regionale Economia della Conoscenza, del Lavoro e dell\u2019Impresa, fornendo un quadro delle misure attivate e dei risultati raggiunti nell\u2019attuale periodo di programmazione e descrivendo i fattori caratterizzanti il nuovo: oltre agli obiettivi di sviluppo sostenibile fissati dall\u2019Agenda 2030 dell\u2019ONU, che rappresentano un pilastro di riferimento per tutte le politiche regionali, grande rilievo \u00e8 stato posto sul Green New Deal in fase di elaborazione, che traccer\u00e0 percorsi e strumenti da utilizzare per promuovere la sostenibilit\u00e0 nel territorio.<\/p>\n<p>Nell\u2019ambito delle nuove linee tracciate dall\u2019Unione Europea, particolare interesse sta suscitando la <a href=\"https:\/\/ec.europa.eu\/info\/publications\/sustainable-finance-teg-taxonomy_en\" target=\"_blank\" rel=\"noopener\">Tassonomia per attivit\u00e0 sostenibili<\/a>, affrontata negli interventi di Impronta Etica e di ART-ER, che hanno delineato le principali ricadute di questo nuovo strumento rispettivamente per le imprese e per le istituzioni.<\/p>\n<p>Sono seguiti interventi di organismi che hanno messo in luce l\u2019importanza di alcuni fattori \u201ctrasversali\u201d a sostegno della transizione dell\u2019economia verso modelli pi\u00f9 sostenibili e circolari:<\/p>\n<p>ENEA ha illustrato la struttura e le attivit\u00e0 di <a href=\"https:\/\/www.icesp.it\/\" target=\"_blank\" rel=\"noopener\">ICESP<\/a>, sottolineando l\u2019importanza del <u>networking e dei partenariati;<\/u><\/p>\n<p><a href=\"https:\/\/www.trentinosviluppo.it\/\" target=\"_blank\" rel=\"noopener\">Trentino Sviluppo<\/a>, nel presentare le proprie attivit\u00e0, ha mostrato la necessit\u00e0 di una <u>concreta azione di supporto alle imprese<\/u>, con molteplici iniziative tra cui l\u2019incubazione, il crowfunding e i percorsi formativi;<\/p>\n<p><a href=\"https:\/\/greentech.clust-er.it\/\" target=\"_blank\" rel=\"noopener\">Clust-ER Greentech<\/a> ha chiuso i lavori evidenziando come sia cruciale creare occasioni di <u>progettazione condivisa tra istituzioni, mondo della ricerca e privati<\/u> per promuovere la competitivit\u00e0 del territorio in ottica di green economy.<\/p>\n<p>Tra i principali spunti emersi dal dibattito rivestono particolare interesse, anche per le attivit\u00e0 dell\u2019Osservatorio, il tema della quantificazione e misurazione delle performance green. Nel corso del 2020 l\u2019Osservatorio intende approfondire i contenuti della Tassonomia nell\u2019ambito di uno specifico gruppo di lavoro.<\/p>\n<p>Per approfondimenti o per partecipare alle attivit\u00e0 dell\u2019Osservatorio GreenER, scrivere al seguente indirizzo:<\/p>\n<p><a href=\"mailto:osservatorioGreenEconomy@art-er.it\">osservatorioGreenEconomy@art-er.it<\/a><\/p>\n","protected":false},"excerpt":{"rendered":"<p>Anche quest\u2019anno, l\u2019Osservatorio ha organizzato all\u2019interno di Ecomondo un workshop su alcuni temi di punta della green economy: il focus di questa edizione \u00e8 stato il nuovo quadro di riferimento europeo, in particolare le nuove politiche per il Green New Deal e la nuova programmazione comunitaria 2021-2027. L\u2019incontro infatti \u00e8 stato inserito nel percorso regionale [&hellip;]<\/p>\n","protected":false},"author":7,"featured_media":3989,"comment_status":"closed","ping_status":"closed","sticky":false,"template":"","format":"standard","meta":[],"categories":[16],"tags":[],"_links":{"self":[{"href":"https:\/\/www.osservatoriogreener.it\/index.php\/wp-json\/wp\/v2\/posts\/3988"}],"collection":[{"href":"https:\/\/www.osservatoriogreener.it\/index.php\/wp-json\/wp\/v2\/posts"}],"about":[{"href":"https:\/\/www.osservatoriogreener.it\/index.php\/wp-json\/wp\/v2\/types\/post"}],"author":[{"embeddable":true,"href":"https:\/\/www.osservatoriogreener.it\/index.php\/wp-json\/wp\/v2\/users\/7"}],"replies":[{"embeddable":true,"href":"https:\/\/www.osservatoriogreener.it\/index.php\/wp-json\/wp\/v2\/comments?post=3988"}],"version-history":[{"count":3,"href":"https:\/\/www.osservatoriogreener.it\/index.php\/wp-json\/wp\/v2\/posts\/3988\/revisions"}],"predecessor-version":[{"id":3992,"href":"https:\/\/www.osservatoriogreener.it\/index.php\/wp-json\/wp\/v2\/posts\/3988\/revisions\/3992"}],"wp:featuredmedia":[{"embeddable":true,"href":"https:\/\/www.osservatoriogreener.it\/index.php\/wp-json\/wp\/v2\/media\/3989"}],"wp:attachment":[{"href":"https:\/\/www.osservatoriogreener.it\/index.php\/wp-json\/wp\/v2\/media?parent=3988"}],"wp:term":[{"taxonomy":"category","embeddable":true,"href":"https:\/\/www.osservatoriogreener.it\/index.php\/wp-json\/wp\/v2\/categories?post=3988"},{"taxonomy":"post_tag","embeddable":true,"href":"https:\/\/www.osservatoriogreener.it\/index.php\/wp-json\/wp\/v2\/tags?post=3988"}],"curies":[{"name":"wp","href":"https:\/\/api.w.org\/{rel}","templated":true}]}}