{"id":4154,"date":"2020-06-10T15:49:42","date_gmt":"2020-06-10T13:49:42","guid":{"rendered":"https:\/\/www.osservatoriogreener.it\/?p=4154"},"modified":"2020-06-10T15:49:42","modified_gmt":"2020-06-10T13:49:42","slug":"green-economy-energia-mobilita-e-green-deal-al-centro-del-dibattito-dell-osservatorio-green-er","status":"publish","type":"post","link":"https:\/\/www.osservatoriogreener.it\/index.php\/2020\/06\/10\/green-economy-energia-mobilita-e-green-deal-al-centro-del-dibattito-dell-osservatorio-green-er\/","title":{"rendered":"Green economy: Energia, Mobilit\u00e0 e Green Deal al centro del dibattito dell\u2019 Osservatorio Green-ER"},"content":{"rendered":"<p><span style=\"font-weight: 400;\">Si \u00e8 tenuto nella mattina del 3 giugno il webinar dell\u2019Osservatorio GreenER, in cui si \u00e8 discusso il ruolo che la green economy \u00e8 chiamata a ricoprire all\u2019interno dello scenario causato dal Covid-19.<\/span><\/p>\n<p><span style=\"font-weight: 400;\">L\u2019incontro, che ha visto la partecipazione di imprese, singole e associate, e delle istituzioni (Anci e Regione), si \u00e8 articolato in tre sessioni: la prima di introduzione dove sono stati presentati i <\/span><b>dati dell\u2019osservatorio GreenER<\/b><span style=\"font-weight: 400;\">, la seconda in cui si sono discusse le tematiche di <\/span><b>Energia e Mobilit\u00e0<\/b><span style=\"font-weight: 400;\"> e l\u2019ultima legata ai nuovi strumenti europei ed in particolar modo al tema della <\/span><b>Tassonomia<\/b><span style=\"font-weight: 400;\">.\u00a0<\/span><\/p>\n<p><span style=\"font-weight: 400;\">Nel primo momento di riflessione ci\u00f2 che \u00e8 emerso \u00e8 la necessit\u00e0 di <\/span><b>finanziamenti<\/b><span style=\"font-weight: 400;\"> e di strumenti efficaci, per poter sostenere il percorso d\u2019innovazione verde iniziato dalle aziende in tema di investimenti. L\u2019obiettivo dello sviluppo sostenibile, oltre ad essere il traguardo in questa fase delicata dell\u2019economia regionale e nazionale, potrebbe anche essere la chiave per la ripresa. Oltre ad corretto indirizzo degli aiuti di tipo economico, si dovr\u00e0 lavorare anche nella strada delle <\/span><b>semplificazioni normative<\/b><span style=\"font-weight: 400;\">, rese possibili in alcune circostanze nel periodo del Covid e speriamo estendibili in altri ambiti per permettere una pi\u00f9 agevole risalita economica.\u00a0<\/span><\/p>\n<p><span style=\"font-weight: 400;\">I temi di mobilit\u00e0 ed energia, trattati nella seconda sessione, hanno fatto emergere la necessit\u00e0 di un ripensamento dei modelli di spostamento, anche tenendo conto delle nuove opportunit\u00e0 dello smart working, che possano permettere di <\/span><b>coniugare la salute delle persone e dell\u2019ambiente<\/b><span style=\"font-weight: 400;\">. Questi due settori sono quelli maggiormente chiamati a rispondere a questa nuova sfida, infatti la mobilit\u00e0 sostenibile, che si \u00e8 basata molto su meccanismi di condivisione (mezzi pubblici e car\/bike sharing), \u00e8 ad oggi una seconda scelta rispetto al mezzo privato. Il settore dell\u2019energia assume un ruolo chiave in queste dinamiche di cambiamento e proprio per questo rimane prioritaria la necessit\u00e0 di una <\/span><b>semplificazione normativa e di incentivi fiscali<\/b><span style=\"font-weight: 400;\"> per favorire fonti rinnovabili ed efficienza energetica, determinanti per innescare processi di rinnovamento produttivo e di rigenerazione urbana.<\/span><\/p>\n<p><span style=\"font-weight: 400;\">Infine, l\u2019ultimo tema trattato \u00e8 stato quello della tassonomia e dei numerosi piani d\u2019azione messi in campo dalla commissione europea per sviluppare l&#8217;ambizioso progetto del <\/span><b>Green Deal<\/b><span style=\"font-weight: 400;\">. Riguardo a questo strumento, ancora oggetto di studio nei prossimi mesi da parte dell\u2019osservatorio greenER, si \u00e8 delineato l\u2019impatto potenziale in regione e i settori produttivi pi\u00f9 toccati.<\/span><\/p>\n<p><span style=\"font-weight: 400;\">Per ulteriori informazioni sulle attivit\u00e0 dell\u2019Osservatorio GreenER, scrivere a OsservatorioGreenEconomy@art-er.it<\/span><\/p>\n","protected":false},"excerpt":{"rendered":"<p>Si \u00e8 tenuto nella mattina del 3 giugno il webinar dell\u2019Osservatorio GreenER, in cui si \u00e8 discusso il ruolo che la green economy \u00e8 chiamata a ricoprire all\u2019interno dello scenario causato dal Covid-19. L\u2019incontro, che ha visto la partecipazione di imprese, singole e associate, e delle istituzioni (Anci e Regione), si \u00e8 articolato in tre [&hellip;]<\/p>\n","protected":false},"author":7,"featured_media":4155,"comment_status":"closed","ping_status":"closed","sticky":false,"template":"","format":"standard","meta":[],"categories":[16],"tags":[],"_links":{"self":[{"href":"https:\/\/www.osservatoriogreener.it\/index.php\/wp-json\/wp\/v2\/posts\/4154"}],"collection":[{"href":"https:\/\/www.osservatoriogreener.it\/index.php\/wp-json\/wp\/v2\/posts"}],"about":[{"href":"https:\/\/www.osservatoriogreener.it\/index.php\/wp-json\/wp\/v2\/types\/post"}],"author":[{"embeddable":true,"href":"https:\/\/www.osservatoriogreener.it\/index.php\/wp-json\/wp\/v2\/users\/7"}],"replies":[{"embeddable":true,"href":"https:\/\/www.osservatoriogreener.it\/index.php\/wp-json\/wp\/v2\/comments?post=4154"}],"version-history":[{"count":2,"href":"https:\/\/www.osservatoriogreener.it\/index.php\/wp-json\/wp\/v2\/posts\/4154\/revisions"}],"predecessor-version":[{"id":4157,"href":"https:\/\/www.osservatoriogreener.it\/index.php\/wp-json\/wp\/v2\/posts\/4154\/revisions\/4157"}],"wp:featuredmedia":[{"embeddable":true,"href":"https:\/\/www.osservatoriogreener.it\/index.php\/wp-json\/wp\/v2\/media\/4155"}],"wp:attachment":[{"href":"https:\/\/www.osservatoriogreener.it\/index.php\/wp-json\/wp\/v2\/media?parent=4154"}],"wp:term":[{"taxonomy":"category","embeddable":true,"href":"https:\/\/www.osservatoriogreener.it\/index.php\/wp-json\/wp\/v2\/categories?post=4154"},{"taxonomy":"post_tag","embeddable":true,"href":"https:\/\/www.osservatoriogreener.it\/index.php\/wp-json\/wp\/v2\/tags?post=4154"}],"curies":[{"name":"wp","href":"https:\/\/api.w.org\/{rel}","templated":true}]}}