{"id":4401,"date":"2021-04-20T11:22:13","date_gmt":"2021-04-20T09:22:13","guid":{"rendered":"https:\/\/www.osservatoriogreener.it\/?p=4401"},"modified":"2021-04-20T11:26:45","modified_gmt":"2021-04-20T09:26:45","slug":"trasporti-e-mobilita-sostenibile-e-intelligente","status":"publish","type":"post","link":"https:\/\/www.osservatoriogreener.it\/index.php\/2021\/04\/20\/trasporti-e-mobilita-sostenibile-e-intelligente\/","title":{"rendered":"Trasporti e mobilit\u00e0 sostenibile e intelligente"},"content":{"rendered":"<p>Mercoled\u00ec 21 aprile dalle 9:30 alle 13:00, in modalit\u00e0 digitale, sulla piattaforma zoom, si terr\u00e0 l&#8217;evento del percorso partecipato \u201cVerso il nuovo Piano d\u2019attuazione 2021-2023 del Piano Energetico Regionale\u201d, dal titolo: \u201cTrasporti e mobilit\u00e0 sostenibile e intelligente\u201d.<br \/>\nL\u2019incontro avvia un confronto approfondito sulle alternative sostenibili per soddisfare i bisogni di mobilit\u00e0 di persone e merci attraverso soluzioni e sistemi pi\u00f9 economici, accessibili, sani e puliti.<\/p>\n<p>Si affronteranno i temi della pianificazione della mobilit\u00e0 a scala nazionale, regionale e locale, nonch\u00e9 i nuovi carburanti, le tendenze in atto e gli scenari di sviluppo dei veicoli a basso impatto ambientale compresi i servizi di mobilit\u00e0 condivisa. Importante sar\u00e0 anche la discussione sulle infrastrutture strategiche (reti di trasporto e sistemi di stoccaggio, reti di distribuzione dei nuovi carburanti).<\/p>\n<p>Si esamineranno tematiche come quali la sostenibilit\u00e0 nel trasporto pubblico locale, la mobilit\u00e0 dolce, la mobilit\u00e0 elettrica, l\u2019innovazione nella motoristica, i nuovi carburanti e la logistica merci.<\/p>\n<p>Per partecipare \u00e8 necessario iscriversi al <a href=\"https:\/\/platform.eventboost.com\/e\/per-percorso-pta\/25937\" target=\"_blank\" rel=\"noopener\">seguente link<\/a>.<\/p>\n<p>Il programma \u00e8 consultabile <a href=\"https:\/\/drive.google.com\/file\/d\/1uuHKnMDjwJ_dumgxXBO0gXLoXv-TWAlQ\/view\" target=\"_blank\" rel=\"noopener\">cliccando qui<\/a>.<\/p>\n","protected":false},"excerpt":{"rendered":"<p>Mercoled\u00ec 21 aprile dalle 9:30 alle 13:00, in modalit\u00e0 digitale, sulla piattaforma zoom, si terr\u00e0 l&#8217;evento del percorso partecipato \u201cVerso il nuovo Piano d\u2019attuazione 2021-2023 del Piano Energetico Regionale\u201d, dal titolo: \u201cTrasporti e mobilit\u00e0 sostenibile e intelligente\u201d. L\u2019incontro avvia un confronto approfondito sulle alternative sostenibili per soddisfare i bisogni di mobilit\u00e0 di persone e merci [&hellip;]<\/p>\n","protected":false},"author":7,"featured_media":4402,"comment_status":"closed","ping_status":"closed","sticky":false,"template":"","format":"standard","meta":[],"categories":[16],"tags":[],"_links":{"self":[{"href":"https:\/\/www.osservatoriogreener.it\/index.php\/wp-json\/wp\/v2\/posts\/4401"}],"collection":[{"href":"https:\/\/www.osservatoriogreener.it\/index.php\/wp-json\/wp\/v2\/posts"}],"about":[{"href":"https:\/\/www.osservatoriogreener.it\/index.php\/wp-json\/wp\/v2\/types\/post"}],"author":[{"embeddable":true,"href":"https:\/\/www.osservatoriogreener.it\/index.php\/wp-json\/wp\/v2\/users\/7"}],"replies":[{"embeddable":true,"href":"https:\/\/www.osservatoriogreener.it\/index.php\/wp-json\/wp\/v2\/comments?post=4401"}],"version-history":[{"count":2,"href":"https:\/\/www.osservatoriogreener.it\/index.php\/wp-json\/wp\/v2\/posts\/4401\/revisions"}],"predecessor-version":[{"id":4404,"href":"https:\/\/www.osservatoriogreener.it\/index.php\/wp-json\/wp\/v2\/posts\/4401\/revisions\/4404"}],"wp:featuredmedia":[{"embeddable":true,"href":"https:\/\/www.osservatoriogreener.it\/index.php\/wp-json\/wp\/v2\/media\/4402"}],"wp:attachment":[{"href":"https:\/\/www.osservatoriogreener.it\/index.php\/wp-json\/wp\/v2\/media?parent=4401"}],"wp:term":[{"taxonomy":"category","embeddable":true,"href":"https:\/\/www.osservatoriogreener.it\/index.php\/wp-json\/wp\/v2\/categories?post=4401"},{"taxonomy":"post_tag","embeddable":true,"href":"https:\/\/www.osservatoriogreener.it\/index.php\/wp-json\/wp\/v2\/tags?post=4401"}],"curies":[{"name":"wp","href":"https:\/\/api.w.org\/{rel}","templated":true}]}}